{"id":6766,"date":"2015-05-14T11:01:06","date_gmt":"2015-05-14T09:01:06","guid":{"rendered":"http:\/\/www.freundeskreis-hagen-smolensk.de\/de\/?p=6766"},"modified":"2018-04-24T13:06:12","modified_gmt":"2018-04-24T11:06:12","slug":"unser-freund-wolfgang-schwericke-ist-am-12-05-2015-gestorben","status":"publish","type":"post","link":"https:\/\/www.freundeskreis-hagen-smolensk.de\/de\/2015\/05\/14\/unser-freund-wolfgang-schwericke-ist-am-12-05-2015-gestorben\/","title":{"rendered":"Unser Freund Wolfgang Schwericke ist am 12.05.2015 gestorben"},"content":{"rendered":"<p>Wir haben einen Menschen verloren, Wolfgang!! Seiner Familie sprechen wir unser tiefes Mitempfinden aus und wir stehen zusammen mit seinen Freunden Thilo, Arne, Martin, Jens &#8230;..<\/p>\n<p>Nach dem Gespr\u00e4ch mit Thilo, der mich \u00fcber Wolfgangs Tod informierte, war ich zun\u00e4chst sprachlos. Wie immer in diesen Situationen muss ich etwas schreiben \u2013 eine Sonette f\u00fcr Wolfgang:<\/p>\n<p>&nbsp;<\/p>\n<p style=\"text-align: center;\"><strong>Wolfgang<\/strong><\/p>\n<p style=\"text-align: center;\">Mit \u201ePOWER\u201c hast Du \u201eOff\u201c gesucht,<\/p>\n<p style=\"text-align: center;\">weit bist Du daf\u00fcr gereist.<\/p>\n<p style=\"text-align: center;\">Dir wurd\u2019 die letzte Reise gebucht,<\/p>\n<p style=\"text-align: center;\">Dein Atem ist dabei vereist.<\/p>\n<p style=\"text-align: center;\">Bist jetzt dort, auf Wolke sieben,<\/p>\n<p style=\"text-align: center;\">und schaust herab auf diese Erde.<\/p>\n<p style=\"text-align: center;\">Schmerz und Leid hast Du vertrieben,<\/p>\n<p style=\"text-align: center;\">kehrst ein in eine gute Herde.<\/p>\n<p style=\"text-align: center;\">So ist es und so hoffen wir \u2013<\/p>\n<p style=\"text-align: center;\">Spuren sind in unserem Geist-<\/p>\n<p style=\"text-align: center;\">Wir treffen Dich, es ist o.k. &#8211;<\/p>\n<p style=\"text-align: center;\">&#8211; es geht Dir gut, wir sind mit Dir<\/p>\n<p style=\"text-align: center;\">&#8211; der ab und an dann zu Dir reist<\/p>\n<p style=\"text-align: center;\">&#8211; zur Zeit tut es noch ziemlich weh!<\/p>\n<p style=\"text-align: right;\">HWE, 13.05.2015, 12,10 Uhr<\/p>\n<p style=\"text-align: left;\">In Smolensk trauern viele Menschen um Wolfgang &#8211; sie haben eine &#8222;Bruder&#8220; verloren &#8211; Wassilij, Alekseij, Lena, Katja, Oleg &#8230;&#8230;&#8230; sie werden Wolfgang in ihren Herzen tragen.<\/p>\n<p>Nachfolgend drei Fotos von Sergej Korobeschkov aus Smolensk von dem Konzert im A-Club:<\/p>\n<div class=\"foogallery foogallery-container foogallery-default foogallery-lightbox-foobox fg-gutter-10 fg-center fg-default fg-light fg-border-thin fg-shadow-outline fg-loading-default fg-loaded-fade-in fg-caption-hover fg-hover-fade fg-hover-zoom fg-ready\" id=\"foogallery-gallery-9119\" data-foogallery=\"{&quot;item&quot;:{&quot;showCaptionTitle&quot;:true,&quot;showCaptionDescription&quot;:true},&quot;lazy&quot;:true,&quot;src&quot;:&quot;data-src-fg&quot;,&quot;srcset&quot;:&quot;data-srcset-fg&quot;}\" data-fg-common-fields=\"1\" >\r\n\t<div class=\"fg-item\"><figure class=\"fg-item-inner\"><a href=\"https:\/\/www.freundeskreis-hagen-smolensk.de\/de\/wp-content\/uploads\/sm_IMG_5839-Kopie-2.jpg\" data-attachment-id=\"9120\" class=\"fg-thumb\"><span class=\"fg-image-wrap\"><img width=\"150\" height=\"150\" data-src-fg=\"https:\/\/www.freundeskreis-hagen-smolensk.de\/de\/wp-content\/uploads\/cache\/sm_IMG_5839-Kopie-2\/2617073544.jpg\" class=\"fg-image\" \/><\/span><\/a><figcaption class=\"fg-caption\"><div class=\"fg-caption-inner\"><\/div><\/figcaption><\/figure><div class=\"fg-loader\"><\/div><\/div><div class=\"fg-item\"><figure class=\"fg-item-inner\"><a href=\"https:\/\/www.freundeskreis-hagen-smolensk.de\/de\/wp-content\/uploads\/sm_IMG_5880-0-Kopie-2.jpg\" data-attachment-id=\"9121\" class=\"fg-thumb\"><span class=\"fg-image-wrap\"><img width=\"150\" height=\"150\" data-src-fg=\"https:\/\/www.freundeskreis-hagen-smolensk.de\/de\/wp-content\/uploads\/cache\/sm_IMG_5880-0-Kopie-2\/2690756140.jpg\" class=\"fg-image\" \/><\/span><\/a><figcaption class=\"fg-caption\"><div class=\"fg-caption-inner\"><\/div><\/figcaption><\/figure><div class=\"fg-loader\"><\/div><\/div><div class=\"fg-item\"><figure class=\"fg-item-inner\"><a href=\"https:\/\/www.freundeskreis-hagen-smolensk.de\/de\/wp-content\/uploads\/sm_IMG_5941-Kopie-2.jpg\" data-attachment-id=\"9122\" class=\"fg-thumb\"><span class=\"fg-image-wrap\"><img width=\"150\" height=\"150\" data-src-fg=\"https:\/\/www.freundeskreis-hagen-smolensk.de\/de\/wp-content\/uploads\/cache\/sm_IMG_5941-Kopie-2\/2388478742.jpg\" class=\"fg-image\" \/><\/span><\/a><figcaption class=\"fg-caption\"><div class=\"fg-caption-inner\"><\/div><\/figcaption><\/figure><div class=\"fg-loader\"><\/div><\/div><\/div>\r\n\n","protected":false},"excerpt":{"rendered":"<p>Wir haben einen Menschen verloren, Wolfgang!! Seiner Familie sprechen wir unser tiefes Mitempfinden aus und wir stehen zusammen mit seinen Freunden Thilo, Arne, Martin, Jens &#8230;.. Nach dem Gespr\u00e4ch mit Thilo, der mich \u00fcber Wolfgangs Tod informierte, war ich zun\u00e4chst sprachlos. Wie immer in diesen Situationen muss ich etwas schreiben \u2013 eine Sonette f\u00fcr Wolfgang:&hellip; <span class=\"kuorinka-read-more\"><a href=\"https:\/\/www.freundeskreis-hagen-smolensk.de\/de\/2015\/05\/14\/unser-freund-wolfgang-schwericke-ist-am-12-05-2015-gestorben\/\" class=\"more-link\">Weiterlesen <span class=\"screen-reader-text\">Unser Freund Wolfgang Schwericke ist am 12.05.2015 gestorben<\/span><\/a><\/span><\/p>\n","protected":false},"author":2,"featured_media":0,"comment_status":"open","ping_status":"open","sticky":false,"template":"","format":"standard","meta":{"ngg_post_thumbnail":0},"categories":[1,29,9,21],"tags":[],"_links":{"self":[{"href":"https:\/\/www.freundeskreis-hagen-smolensk.de\/de\/wp-json\/wp\/v2\/posts\/6766"}],"collection":[{"href":"https:\/\/www.freundeskreis-hagen-smolensk.de\/de\/wp-json\/wp\/v2\/posts"}],"about":[{"href":"https:\/\/www.freundeskreis-hagen-smolensk.de\/de\/wp-json\/wp\/v2\/types\/post"}],"author":[{"embeddable":true,"href":"https:\/\/www.freundeskreis-hagen-smolensk.de\/de\/wp-json\/wp\/v2\/users\/2"}],"replies":[{"embeddable":true,"href":"https:\/\/www.freundeskreis-hagen-smolensk.de\/de\/wp-json\/wp\/v2\/comments?post=6766"}],"version-history":[{"count":9,"href":"https:\/\/www.freundeskreis-hagen-smolensk.de\/de\/wp-json\/wp\/v2\/posts\/6766\/revisions"}],"predecessor-version":[{"id":9190,"href":"https:\/\/www.freundeskreis-hagen-smolensk.de\/de\/wp-json\/wp\/v2\/posts\/6766\/revisions\/9190"}],"wp:attachment":[{"href":"https:\/\/www.freundeskreis-hagen-smolensk.de\/de\/wp-json\/wp\/v2\/media?parent=6766"}],"wp:term":[{"taxonomy":"category","embeddable":true,"href":"https:\/\/www.freundeskreis-hagen-smolensk.de\/de\/wp-json\/wp\/v2\/categories?post=6766"},{"taxonomy":"post_tag","embeddable":true,"href":"https:\/\/www.freundeskreis-hagen-smolensk.de\/de\/wp-json\/wp\/v2\/tags?post=6766"}],"curies":[{"name":"wp","href":"https:\/\/api.w.org\/{rel}","templated":true}]}}