{"id":5005,"date":"2012-12-29T13:11:09","date_gmt":"2012-12-29T11:11:09","guid":{"rendered":"http:\/\/www.freundeskreis-hagen-smolensk.de\/de\/?p=5005"},"modified":"2021-03-22T11:02:17","modified_gmt":"2021-03-22T09:02:17","slug":"niessen-franz","status":"publish","type":"post","link":"https:\/\/www.freundeskreis-hagen-smolensk.de\/de\/2012\/12\/29\/niessen-franz\/","title":{"rendered":"Nie\u00dfen, Franz (\u2020)"},"content":{"rendered":"<p>Nie\u00dfen (1904-1987), gelernter Glasmaler, Absolvent der K\u00f6lner Werkschule, freischaffender K\u00fcnstler in K\u00f6ln mit einem breiten Spektrum von Werbegrafik, Objektgestaltung, Portraitmalerei bis sakrale Kunst (Restaurierung und Gestaltung von Kirchenfenstern) in Zusammenarbeit mit namhaften Glasmalereien im Inland und in USA und Brasilien. Eines seiner Hauptwerke war in den f\u00fcnfziger Jahren die Gestaltung eine Glasfensters zur historischen Stadtansicht K\u00f6lns \u00fcber dem Haupteingang des K\u00f6lner Hauptbahnhofs in Auftrag der Fa. Klosterfrau Melissengeist. Leider ist dieses wunderbare Kunstwerk vor Jahren bei der Renovierung des Bahnhofs ausgewechselt worden und befindet sich heute in einer Privatsammlung.<\/p>\n<!-- index.php -->\n<div\n\tclass=\"ngg-galleryoverview ngg-ajax-pagination-none\"\n\tid=\"ngg-gallery-a88b6ea8b37b347522ce3d21e00de3a2-1\">\n\n    \t<div class=\"slideshowlink\">\n        <a href='https:\/\/www.freundeskreis-hagen-smolensk.de\/de\/2012\/12\/29\/niessen-franz\/nggallery\/slideshow'>&#091;Zeige eine Slideshow&#093;<\/a>\n\t\t\n\t<\/div>\n\t\t\t<!-- Thumbnails -->\n\t\t\t\t<div id=\"ngg-image-0\" class=\"ngg-gallery-thumbnail-box\" >\n\t\t\t\t        <div class=\"ngg-gallery-thumbnail\">\n            <a href=\"https:\/\/www.freundeskreis-hagen-smolensk.de\/de\/wp-content\/gallery\/niessenfranz\/Franz-Niessen-Kurt-Eugen.jpg\"\n               title=\"\"\n               data-src=\"https:\/\/www.freundeskreis-hagen-smolensk.de\/de\/wp-content\/gallery\/niessenfranz\/Franz-Niessen-Kurt-Eugen.jpg\"\n               data-thumbnail=\"https:\/\/www.freundeskreis-hagen-smolensk.de\/de\/wp-content\/gallery\/niessenfranz\/thumbs\/thumbs_Franz-Niessen-Kurt-Eugen.jpg\"\n               data-image-id=\"4056\"\n               data-title=\"Franz Niessen Kurt Eugen\"\n               data-description=\"\"\n               data-image-slug=\"franz-niessen-kurt-eugen\"\n               class=\"ngg-fancybox\" rel=\"a88b6ea8b37b347522ce3d21e00de3a2\">\n                <img\n                    title=\"Franz Niessen Kurt Eugen\"\n                    alt=\"Franz Niessen Kurt Eugen\"\n                    src=\"https:\/\/www.freundeskreis-hagen-smolensk.de\/de\/wp-content\/gallery\/niessenfranz\/thumbs\/thumbs_Franz-Niessen-Kurt-Eugen.jpg\"\n                    width=\"240\"\n                    height=\"160\"\n                    style=\"max-width:100%;\"\n                \/>\n            <\/a>\n        <\/div>\n\t\t\t\t\t\t\t<\/div> \n\t\t\t\n        \n\t\t\t\t<div id=\"ngg-image-1\" class=\"ngg-gallery-thumbnail-box\" >\n\t\t\t\t        <div class=\"ngg-gallery-thumbnail\">\n            <a href=\"https:\/\/www.freundeskreis-hagen-smolensk.de\/de\/wp-content\/gallery\/niessenfranz\/Franz-Niessen-Toni-May.jpg\"\n               title=\"\"\n               data-src=\"https:\/\/www.freundeskreis-hagen-smolensk.de\/de\/wp-content\/gallery\/niessenfranz\/Franz-Niessen-Toni-May.jpg\"\n               data-thumbnail=\"https:\/\/www.freundeskreis-hagen-smolensk.de\/de\/wp-content\/gallery\/niessenfranz\/thumbs\/thumbs_Franz-Niessen-Toni-May.jpg\"\n               data-image-id=\"4057\"\n               data-title=\"Franz Niessen Toni May\"\n               data-description=\"\"\n               data-image-slug=\"franz-niessen-toni-may\"\n               class=\"ngg-fancybox\" rel=\"a88b6ea8b37b347522ce3d21e00de3a2\">\n                <img\n                    title=\"Franz Niessen Toni May\"\n                    alt=\"Franz Niessen Toni May\"\n                    src=\"https:\/\/www.freundeskreis-hagen-smolensk.de\/de\/wp-content\/gallery\/niessenfranz\/thumbs\/thumbs_Franz-Niessen-Toni-May.jpg\"\n                    width=\"240\"\n                    height=\"160\"\n                    style=\"max-width:100%;\"\n                \/>\n            <\/a>\n        <\/div>\n\t\t\t\t\t\t\t<\/div> \n\t\t\t\n        \n\t\t\t\t<div id=\"ngg-image-2\" class=\"ngg-gallery-thumbnail-box\" >\n\t\t\t\t        <div class=\"ngg-gallery-thumbnail\">\n            <a href=\"https:\/\/www.freundeskreis-hagen-smolensk.de\/de\/wp-content\/gallery\/niessenfranz\/Niessen.Fanz_.Portrait.JPG\"\n               title=\"\"\n               data-src=\"https:\/\/www.freundeskreis-hagen-smolensk.de\/de\/wp-content\/gallery\/niessenfranz\/Niessen.Fanz_.Portrait.JPG\"\n               data-thumbnail=\"https:\/\/www.freundeskreis-hagen-smolensk.de\/de\/wp-content\/gallery\/niessenfranz\/thumbs\/thumbs_Niessen.Fanz_.Portrait.JPG\"\n               data-image-id=\"4058\"\n               data-title=\"Niessen.Fanz.Portrait\"\n               data-description=\"\"\n               data-image-slug=\"niessen-fanz-portrait\"\n               class=\"ngg-fancybox\" rel=\"a88b6ea8b37b347522ce3d21e00de3a2\">\n                <img\n                    title=\"Niessen.Fanz.Portrait\"\n                    alt=\"Niessen.Fanz.Portrait\"\n                    src=\"https:\/\/www.freundeskreis-hagen-smolensk.de\/de\/wp-content\/gallery\/niessenfranz\/thumbs\/thumbs_Niessen.Fanz_.Portrait.JPG\"\n                    width=\"240\"\n                    height=\"160\"\n                    style=\"max-width:100%;\"\n                \/>\n            <\/a>\n        <\/div>\n\t\t\t\t\t\t\t<\/div> \n\t\t\t\n        \n\t\t\n\t\t<!-- Pagination -->\n\t<div class='ngg-clear'><\/div>\t<\/div>\n\n<p>1940 zur Wehrmacht eingezogen war Franz Nie\u00dfen 1942\/1943 als Unteroffizier in Smolensk stationiert. Die Arbeit in der Schreibstube bot ihm offensichtlich Freir\u00e4ume, um sich k\u00fcnstlerisch bet\u00e4tigen und eindrucksvolle Skizzen und Bilder von der Stadt Smolensk zu hinterlassen.<\/p>\n<p>Seine Tochter, Gisela Riederer, geb. Nie\u00dfen, sein Sohn, Karl-Heinz Nie\u00dfen, und seine Enkelin, Beatrix Riederer, haben dem Freundeskreis Hagen-Smolensk Skizzen und Aquarelle, die in Smolensk entstanden sind, aus Nie\u00dfens Nachlass \u00fcberlassen. Der Freundeskreis hat diese Werke 2013 der Stadt Smolensk zum 1150 Jahrestag der Stadt \u00fcbergeben. Ende 2013 wurde den Bildern eine Ausstellung in der Gem\u00e4ldegalerie der Stadt Smolensk gewidmet.<\/p>\n<!-- index.php -->\n<div\n\tclass=\"ngg-galleryoverview ngg-ajax-pagination-none\"\n\tid=\"ngg-gallery-f09b0a2dadac37c82e1cf637f9f4328f-1\">\n\n    \t<div class=\"slideshowlink\">\n        <a href='https:\/\/www.freundeskreis-hagen-smolensk.de\/de\/2012\/12\/29\/niessen-franz\/nggallery\/slideshow'>&#091;Zeige eine Slideshow&#093;<\/a>\n\t\t\n\t<\/div>\n\t\t\t<!-- Thumbnails -->\n\t\t\t\t<div id=\"ngg-image-0\" class=\"ngg-gallery-thumbnail-box\" >\n\t\t\t\t        <div class=\"ngg-gallery-thumbnail\">\n            <a href=\"https:\/\/www.freundeskreis-hagen-smolensk.de\/de\/wp-content\/gallery\/niessenfranzsmol\/1942.Niessen.bei-Smol..JPG\"\n               title=\"\"\n               data-src=\"https:\/\/www.freundeskreis-hagen-smolensk.de\/de\/wp-content\/gallery\/niessenfranzsmol\/1942.Niessen.bei-Smol..JPG\"\n               data-thumbnail=\"https:\/\/www.freundeskreis-hagen-smolensk.de\/de\/wp-content\/gallery\/niessenfranzsmol\/thumbs\/thumbs_1942.Niessen.bei-Smol..JPG\"\n               data-image-id=\"4059\"\n               data-title=\"1942.Niessen.bei Smol.\"\n               data-description=\"\"\n               data-image-slug=\"1942-niessen-bei-smol\"\n               class=\"ngg-fancybox\" rel=\"f09b0a2dadac37c82e1cf637f9f4328f\">\n                <img\n                    title=\"1942.Niessen.bei Smol.\"\n                    alt=\"1942.Niessen.bei Smol.\"\n                    src=\"https:\/\/www.freundeskreis-hagen-smolensk.de\/de\/wp-content\/gallery\/niessenfranzsmol\/thumbs\/thumbs_1942.Niessen.bei-Smol..JPG\"\n                    width=\"240\"\n                    height=\"160\"\n                    style=\"max-width:100%;\"\n                \/>\n            <\/a>\n        <\/div>\n\t\t\t\t\t\t\t<\/div> \n\t\t\t\n        \n\t\t\t\t<div id=\"ngg-image-1\" class=\"ngg-gallery-thumbnail-box\" >\n\t\t\t\t        <div class=\"ngg-gallery-thumbnail\">\n            <a href=\"https:\/\/www.freundeskreis-hagen-smolensk.de\/de\/wp-content\/gallery\/niessenfranzsmol\/1942.Niessen.Frau_.Gitarre.JPG\"\n               title=\"\"\n               data-src=\"https:\/\/www.freundeskreis-hagen-smolensk.de\/de\/wp-content\/gallery\/niessenfranzsmol\/1942.Niessen.Frau_.Gitarre.JPG\"\n               data-thumbnail=\"https:\/\/www.freundeskreis-hagen-smolensk.de\/de\/wp-content\/gallery\/niessenfranzsmol\/thumbs\/thumbs_1942.Niessen.Frau_.Gitarre.JPG\"\n               data-image-id=\"4060\"\n               data-title=\"1942.Niessen.Frau.Gitarre\"\n               data-description=\"\"\n               data-image-slug=\"1942-niessen-frau-gitarre\"\n               class=\"ngg-fancybox\" rel=\"f09b0a2dadac37c82e1cf637f9f4328f\">\n                <img\n                    title=\"1942.Niessen.Frau.Gitarre\"\n                    alt=\"1942.Niessen.Frau.Gitarre\"\n                    src=\"https:\/\/www.freundeskreis-hagen-smolensk.de\/de\/wp-content\/gallery\/niessenfranzsmol\/thumbs\/thumbs_1942.Niessen.Frau_.Gitarre.JPG\"\n                    width=\"240\"\n                    height=\"160\"\n                    style=\"max-width:100%;\"\n                \/>\n            <\/a>\n        <\/div>\n\t\t\t\t\t\t\t<\/div> \n\t\t\t\n        \n\t\t\t\t<div id=\"ngg-image-2\" class=\"ngg-gallery-thumbnail-box\" >\n\t\t\t\t        <div class=\"ngg-gallery-thumbnail\">\n            <a href=\"https:\/\/www.freundeskreis-hagen-smolensk.de\/de\/wp-content\/gallery\/niessenfranzsmol\/1942.Niessen.Junge_.JPG\"\n               title=\"\"\n               data-src=\"https:\/\/www.freundeskreis-hagen-smolensk.de\/de\/wp-content\/gallery\/niessenfranzsmol\/1942.Niessen.Junge_.JPG\"\n               data-thumbnail=\"https:\/\/www.freundeskreis-hagen-smolensk.de\/de\/wp-content\/gallery\/niessenfranzsmol\/thumbs\/thumbs_1942.Niessen.Junge_.JPG\"\n               data-image-id=\"4061\"\n               data-title=\"1942.Niessen.Junge\"\n               data-description=\"\"\n               data-image-slug=\"1942-niessen-junge\"\n               class=\"ngg-fancybox\" rel=\"f09b0a2dadac37c82e1cf637f9f4328f\">\n                <img\n                    title=\"1942.Niessen.Junge\"\n                    alt=\"1942.Niessen.Junge\"\n                    src=\"https:\/\/www.freundeskreis-hagen-smolensk.de\/de\/wp-content\/gallery\/niessenfranzsmol\/thumbs\/thumbs_1942.Niessen.Junge_.JPG\"\n                    width=\"240\"\n                    height=\"160\"\n                    style=\"max-width:100%;\"\n                \/>\n            <\/a>\n        <\/div>\n\t\t\t\t\t\t\t<\/div> \n\t\t\t\n        \n\t\t\t\t<div id=\"ngg-image-3\" class=\"ngg-gallery-thumbnail-box\" >\n\t\t\t\t        <div class=\"ngg-gallery-thumbnail\">\n            <a href=\"https:\/\/www.freundeskreis-hagen-smolensk.de\/de\/wp-content\/gallery\/niessenfranzsmol\/1942.Niessen.Kath_..JPG\"\n               title=\"\"\n               data-src=\"https:\/\/www.freundeskreis-hagen-smolensk.de\/de\/wp-content\/gallery\/niessenfranzsmol\/1942.Niessen.Kath_..JPG\"\n               data-thumbnail=\"https:\/\/www.freundeskreis-hagen-smolensk.de\/de\/wp-content\/gallery\/niessenfranzsmol\/thumbs\/thumbs_1942.Niessen.Kath_..JPG\"\n               data-image-id=\"4062\"\n               data-title=\"1942.Niessen.Kath.\"\n               data-description=\"\"\n               data-image-slug=\"1942-niessen-kath\"\n               class=\"ngg-fancybox\" rel=\"f09b0a2dadac37c82e1cf637f9f4328f\">\n                <img\n                    title=\"1942.Niessen.Kath.\"\n                    alt=\"1942.Niessen.Kath.\"\n                    src=\"https:\/\/www.freundeskreis-hagen-smolensk.de\/de\/wp-content\/gallery\/niessenfranzsmol\/thumbs\/thumbs_1942.Niessen.Kath_..JPG\"\n                    width=\"240\"\n                    height=\"160\"\n                    style=\"max-width:100%;\"\n                \/>\n            <\/a>\n        <\/div>\n\t\t\t\t\t\t\t<\/div> \n\t\t\t\n        \n\t\t\t\t<div id=\"ngg-image-4\" class=\"ngg-gallery-thumbnail-box\" >\n\t\t\t\t        <div class=\"ngg-gallery-thumbnail\">\n            <a href=\"https:\/\/www.freundeskreis-hagen-smolensk.de\/de\/wp-content\/gallery\/niessenfranzsmol\/1942.Niessen.Kath_.1..JPG\"\n               title=\"\"\n               data-src=\"https:\/\/www.freundeskreis-hagen-smolensk.de\/de\/wp-content\/gallery\/niessenfranzsmol\/1942.Niessen.Kath_.1..JPG\"\n               data-thumbnail=\"https:\/\/www.freundeskreis-hagen-smolensk.de\/de\/wp-content\/gallery\/niessenfranzsmol\/thumbs\/thumbs_1942.Niessen.Kath_.1..JPG\"\n               data-image-id=\"4063\"\n               data-title=\"1942.Niessen.Kath.1.\"\n               data-description=\"\"\n               data-image-slug=\"1942-niessen-kath-1\"\n               class=\"ngg-fancybox\" rel=\"f09b0a2dadac37c82e1cf637f9f4328f\">\n                <img\n                    title=\"1942.Niessen.Kath.1.\"\n                    alt=\"1942.Niessen.Kath.1.\"\n                    src=\"https:\/\/www.freundeskreis-hagen-smolensk.de\/de\/wp-content\/gallery\/niessenfranzsmol\/thumbs\/thumbs_1942.Niessen.Kath_.1..JPG\"\n                    width=\"240\"\n                    height=\"160\"\n                    style=\"max-width:100%;\"\n                \/>\n            <\/a>\n        <\/div>\n\t\t\t\t\t\t\t<\/div> \n\t\t\t\n        \n\t\t\t\t<div id=\"ngg-image-5\" class=\"ngg-gallery-thumbnail-box\" >\n\t\t\t\t        <div class=\"ngg-gallery-thumbnail\">\n            <a href=\"https:\/\/www.freundeskreis-hagen-smolensk.de\/de\/wp-content\/gallery\/niessenfranzsmol\/1942.Niessen.Kath_.2..JPG\"\n               title=\"\"\n               data-src=\"https:\/\/www.freundeskreis-hagen-smolensk.de\/de\/wp-content\/gallery\/niessenfranzsmol\/1942.Niessen.Kath_.2..JPG\"\n               data-thumbnail=\"https:\/\/www.freundeskreis-hagen-smolensk.de\/de\/wp-content\/gallery\/niessenfranzsmol\/thumbs\/thumbs_1942.Niessen.Kath_.2..JPG\"\n               data-image-id=\"4064\"\n               data-title=\"1942.Niessen.Kath.2.\"\n               data-description=\"\"\n               data-image-slug=\"1942-niessen-kath-2\"\n               class=\"ngg-fancybox\" rel=\"f09b0a2dadac37c82e1cf637f9f4328f\">\n                <img\n                    title=\"1942.Niessen.Kath.2.\"\n                    alt=\"1942.Niessen.Kath.2.\"\n                    src=\"https:\/\/www.freundeskreis-hagen-smolensk.de\/de\/wp-content\/gallery\/niessenfranzsmol\/thumbs\/thumbs_1942.Niessen.Kath_.2..JPG\"\n                    width=\"240\"\n                    height=\"160\"\n                    style=\"max-width:100%;\"\n                \/>\n            <\/a>\n        <\/div>\n\t\t\t\t\t\t\t<\/div> \n\t\t\t\n        \n\t\t\t\t<div id=\"ngg-image-6\" class=\"ngg-gallery-thumbnail-box\" >\n\t\t\t\t        <div class=\"ngg-gallery-thumbnail\">\n            <a href=\"https:\/\/www.freundeskreis-hagen-smolensk.de\/de\/wp-content\/gallery\/niessenfranzsmol\/1942.Niessen.kath_.Kirche.JPG\"\n               title=\"\"\n               data-src=\"https:\/\/www.freundeskreis-hagen-smolensk.de\/de\/wp-content\/gallery\/niessenfranzsmol\/1942.Niessen.kath_.Kirche.JPG\"\n               data-thumbnail=\"https:\/\/www.freundeskreis-hagen-smolensk.de\/de\/wp-content\/gallery\/niessenfranzsmol\/thumbs\/thumbs_1942.Niessen.kath_.Kirche.JPG\"\n               data-image-id=\"4065\"\n               data-title=\"1942.Niessen.kath.Kirche\"\n               data-description=\"\"\n               data-image-slug=\"1942-niessen-kath-kirche\"\n               class=\"ngg-fancybox\" rel=\"f09b0a2dadac37c82e1cf637f9f4328f\">\n                <img\n                    title=\"1942.Niessen.kath.Kirche\"\n                    alt=\"1942.Niessen.kath.Kirche\"\n                    src=\"https:\/\/www.freundeskreis-hagen-smolensk.de\/de\/wp-content\/gallery\/niessenfranzsmol\/thumbs\/thumbs_1942.Niessen.kath_.Kirche.JPG\"\n                    width=\"240\"\n                    height=\"160\"\n                    style=\"max-width:100%;\"\n                \/>\n            <\/a>\n        <\/div>\n\t\t\t\t\t\t\t<\/div> \n\t\t\t\n        \n\t\t\t\t<div id=\"ngg-image-7\" class=\"ngg-gallery-thumbnail-box\" >\n\t\t\t\t        <div class=\"ngg-gallery-thumbnail\">\n            <a href=\"https:\/\/www.freundeskreis-hagen-smolensk.de\/de\/wp-content\/gallery\/niessenfranzsmol\/1942.Niessen.Kath_.von_.Stadtmauer.JPG\"\n               title=\"\"\n               data-src=\"https:\/\/www.freundeskreis-hagen-smolensk.de\/de\/wp-content\/gallery\/niessenfranzsmol\/1942.Niessen.Kath_.von_.Stadtmauer.JPG\"\n               data-thumbnail=\"https:\/\/www.freundeskreis-hagen-smolensk.de\/de\/wp-content\/gallery\/niessenfranzsmol\/thumbs\/thumbs_1942.Niessen.Kath_.von_.Stadtmauer.JPG\"\n               data-image-id=\"4066\"\n               data-title=\"1942.Niessen.Kath.von.Stadtmauer\"\n               data-description=\"\"\n               data-image-slug=\"1942-niessen-kath-von-stadtmauer\"\n               class=\"ngg-fancybox\" rel=\"f09b0a2dadac37c82e1cf637f9f4328f\">\n                <img\n                    title=\"1942.Niessen.Kath.von.Stadtmauer\"\n                    alt=\"1942.Niessen.Kath.von.Stadtmauer\"\n                    src=\"https:\/\/www.freundeskreis-hagen-smolensk.de\/de\/wp-content\/gallery\/niessenfranzsmol\/thumbs\/thumbs_1942.Niessen.Kath_.von_.Stadtmauer.JPG\"\n                    width=\"240\"\n                    height=\"160\"\n                    style=\"max-width:100%;\"\n                \/>\n            <\/a>\n        <\/div>\n\t\t\t\t\t\t\t<\/div> \n\t\t\t\n        \n\t\t\t\t<div id=\"ngg-image-8\" class=\"ngg-gallery-thumbnail-box\" >\n\t\t\t\t        <div class=\"ngg-gallery-thumbnail\">\n            <a href=\"https:\/\/www.freundeskreis-hagen-smolensk.de\/de\/wp-content\/gallery\/niessenfranzsmol\/1942.Niessen.Priester.JPG\"\n               title=\"\"\n               data-src=\"https:\/\/www.freundeskreis-hagen-smolensk.de\/de\/wp-content\/gallery\/niessenfranzsmol\/1942.Niessen.Priester.JPG\"\n               data-thumbnail=\"https:\/\/www.freundeskreis-hagen-smolensk.de\/de\/wp-content\/gallery\/niessenfranzsmol\/thumbs\/thumbs_1942.Niessen.Priester.JPG\"\n               data-image-id=\"4067\"\n               data-title=\"1942.Niessen.Priester\"\n               data-description=\"\"\n               data-image-slug=\"1942-niessen-priester\"\n               class=\"ngg-fancybox\" rel=\"f09b0a2dadac37c82e1cf637f9f4328f\">\n                <img\n                    title=\"1942.Niessen.Priester\"\n                    alt=\"1942.Niessen.Priester\"\n                    src=\"https:\/\/www.freundeskreis-hagen-smolensk.de\/de\/wp-content\/gallery\/niessenfranzsmol\/thumbs\/thumbs_1942.Niessen.Priester.JPG\"\n                    width=\"240\"\n                    height=\"160\"\n                    style=\"max-width:100%;\"\n                \/>\n            <\/a>\n        <\/div>\n\t\t\t\t\t\t\t<\/div> \n\t\t\t\n        \n\t\t\t\t<div id=\"ngg-image-9\" class=\"ngg-gallery-thumbnail-box\" >\n\t\t\t\t        <div class=\"ngg-gallery-thumbnail\">\n            <a href=\"https:\/\/www.freundeskreis-hagen-smolensk.de\/de\/wp-content\/gallery\/niessenfranzsmol\/1942.Niessen.Smol_.1..JPG\"\n               title=\"\"\n               data-src=\"https:\/\/www.freundeskreis-hagen-smolensk.de\/de\/wp-content\/gallery\/niessenfranzsmol\/1942.Niessen.Smol_.1..JPG\"\n               data-thumbnail=\"https:\/\/www.freundeskreis-hagen-smolensk.de\/de\/wp-content\/gallery\/niessenfranzsmol\/thumbs\/thumbs_1942.Niessen.Smol_.1..JPG\"\n               data-image-id=\"4068\"\n               data-title=\"1942.Niessen.Smol.1.\"\n               data-description=\"\"\n               data-image-slug=\"1942-niessen-smol-1\"\n               class=\"ngg-fancybox\" rel=\"f09b0a2dadac37c82e1cf637f9f4328f\">\n                <img\n                    title=\"1942.Niessen.Smol.1.\"\n                    alt=\"1942.Niessen.Smol.1.\"\n                    src=\"https:\/\/www.freundeskreis-hagen-smolensk.de\/de\/wp-content\/gallery\/niessenfranzsmol\/thumbs\/thumbs_1942.Niessen.Smol_.1..JPG\"\n                    width=\"240\"\n                    height=\"160\"\n                    style=\"max-width:100%;\"\n                \/>\n            <\/a>\n        <\/div>\n\t\t\t\t\t\t\t<\/div> \n\t\t\t\n        \n\t\t\t\t<div id=\"ngg-image-10\" class=\"ngg-gallery-thumbnail-box\" >\n\t\t\t\t        <div class=\"ngg-gallery-thumbnail\">\n            <a href=\"https:\/\/www.freundeskreis-hagen-smolensk.de\/de\/wp-content\/gallery\/niessenfranzsmol\/1942.Niessen.Smol_.JPG\"\n               title=\"\"\n               data-src=\"https:\/\/www.freundeskreis-hagen-smolensk.de\/de\/wp-content\/gallery\/niessenfranzsmol\/1942.Niessen.Smol_.JPG\"\n               data-thumbnail=\"https:\/\/www.freundeskreis-hagen-smolensk.de\/de\/wp-content\/gallery\/niessenfranzsmol\/thumbs\/thumbs_1942.Niessen.Smol_.JPG\"\n               data-image-id=\"4069\"\n               data-title=\"1942.Niessen.Smol\"\n               data-description=\"\"\n               data-image-slug=\"1942-niessen-smol-2\"\n               class=\"ngg-fancybox\" rel=\"f09b0a2dadac37c82e1cf637f9f4328f\">\n                <img\n                    title=\"1942.Niessen.Smol\"\n                    alt=\"1942.Niessen.Smol\"\n                    src=\"https:\/\/www.freundeskreis-hagen-smolensk.de\/de\/wp-content\/gallery\/niessenfranzsmol\/thumbs\/thumbs_1942.Niessen.Smol_.JPG\"\n                    width=\"240\"\n                    height=\"160\"\n                    style=\"max-width:100%;\"\n                \/>\n            <\/a>\n        <\/div>\n\t\t\t\t\t\t\t<\/div> \n\t\t\t\n        \n\t\t\t\t<div id=\"ngg-image-11\" class=\"ngg-gallery-thumbnail-box\" >\n\t\t\t\t        <div class=\"ngg-gallery-thumbnail\">\n            <a href=\"https:\/\/www.freundeskreis-hagen-smolensk.de\/de\/wp-content\/gallery\/niessenfranzsmol\/1942.Niessen.Smolensk.JPG\"\n               title=\"\"\n               data-src=\"https:\/\/www.freundeskreis-hagen-smolensk.de\/de\/wp-content\/gallery\/niessenfranzsmol\/1942.Niessen.Smolensk.JPG\"\n               data-thumbnail=\"https:\/\/www.freundeskreis-hagen-smolensk.de\/de\/wp-content\/gallery\/niessenfranzsmol\/thumbs\/thumbs_1942.Niessen.Smolensk.JPG\"\n               data-image-id=\"4070\"\n               data-title=\"1942.Niessen.Smolensk\"\n               data-description=\"\"\n               data-image-slug=\"1942-niessen-smolensk\"\n               class=\"ngg-fancybox\" rel=\"f09b0a2dadac37c82e1cf637f9f4328f\">\n                <img\n                    title=\"1942.Niessen.Smolensk\"\n                    alt=\"1942.Niessen.Smolensk\"\n                    src=\"https:\/\/www.freundeskreis-hagen-smolensk.de\/de\/wp-content\/gallery\/niessenfranzsmol\/thumbs\/thumbs_1942.Niessen.Smolensk.JPG\"\n                    width=\"240\"\n                    height=\"160\"\n                    style=\"max-width:100%;\"\n                \/>\n            <\/a>\n        <\/div>\n\t\t\t\t\t\t\t<\/div> \n\t\t\t\n        \n\t\t\t\t<div id=\"ngg-image-12\" class=\"ngg-gallery-thumbnail-box\" >\n\t\t\t\t        <div class=\"ngg-gallery-thumbnail\">\n            <a href=\"https:\/\/www.freundeskreis-hagen-smolensk.de\/de\/wp-content\/gallery\/niessenfranzsmol\/1942NissenStadtm.JPG\"\n               title=\"\"\n               data-src=\"https:\/\/www.freundeskreis-hagen-smolensk.de\/de\/wp-content\/gallery\/niessenfranzsmol\/1942NissenStadtm.JPG\"\n               data-thumbnail=\"https:\/\/www.freundeskreis-hagen-smolensk.de\/de\/wp-content\/gallery\/niessenfranzsmol\/thumbs\/thumbs_1942NissenStadtm.JPG\"\n               data-image-id=\"4071\"\n               data-title=\"1942NissenStadtm\"\n               data-description=\"\"\n               data-image-slug=\"1942nissenstadtm\"\n               class=\"ngg-fancybox\" rel=\"f09b0a2dadac37c82e1cf637f9f4328f\">\n                <img\n                    title=\"1942NissenStadtm\"\n                    alt=\"1942NissenStadtm\"\n                    src=\"https:\/\/www.freundeskreis-hagen-smolensk.de\/de\/wp-content\/gallery\/niessenfranzsmol\/thumbs\/thumbs_1942NissenStadtm.JPG\"\n                    width=\"240\"\n                    height=\"160\"\n                    style=\"max-width:100%;\"\n                \/>\n            <\/a>\n        <\/div>\n\t\t\t\t\t\t\t<\/div> \n\t\t\t\n        \n\t\t\t\t<div id=\"ngg-image-13\" class=\"ngg-gallery-thumbnail-box\" >\n\t\t\t\t        <div class=\"ngg-gallery-thumbnail\">\n            <a href=\"https:\/\/www.freundeskreis-hagen-smolensk.de\/de\/wp-content\/gallery\/niessenfranzsmol\/Niesen.Schreibstube.jpg\"\n               title=\"\"\n               data-src=\"https:\/\/www.freundeskreis-hagen-smolensk.de\/de\/wp-content\/gallery\/niessenfranzsmol\/Niesen.Schreibstube.jpg\"\n               data-thumbnail=\"https:\/\/www.freundeskreis-hagen-smolensk.de\/de\/wp-content\/gallery\/niessenfranzsmol\/thumbs\/thumbs_Niesen.Schreibstube.jpg\"\n               data-image-id=\"4072\"\n               data-title=\"Niesen.Schreibstube\"\n               data-description=\"\"\n               data-image-slug=\"niesen-schreibstube\"\n               class=\"ngg-fancybox\" rel=\"f09b0a2dadac37c82e1cf637f9f4328f\">\n                <img\n                    title=\"Niesen.Schreibstube\"\n                    alt=\"Niesen.Schreibstube\"\n                    src=\"https:\/\/www.freundeskreis-hagen-smolensk.de\/de\/wp-content\/gallery\/niessenfranzsmol\/thumbs\/thumbs_Niesen.Schreibstube.jpg\"\n                    width=\"240\"\n                    height=\"160\"\n                    style=\"max-width:100%;\"\n                \/>\n            <\/a>\n        <\/div>\n\t\t\t\t\t\t\t<\/div> \n\t\t\t\n        \n\t\t\t\t<div id=\"ngg-image-14\" class=\"ngg-gallery-thumbnail-box\" >\n\t\t\t\t        <div class=\"ngg-gallery-thumbnail\">\n            <a href=\"https:\/\/www.freundeskreis-hagen-smolensk.de\/de\/wp-content\/gallery\/niessenfranzsmol\/Niessen-2-in-Smolensk.jpg\"\n               title=\"\"\n               data-src=\"https:\/\/www.freundeskreis-hagen-smolensk.de\/de\/wp-content\/gallery\/niessenfranzsmol\/Niessen-2-in-Smolensk.jpg\"\n               data-thumbnail=\"https:\/\/www.freundeskreis-hagen-smolensk.de\/de\/wp-content\/gallery\/niessenfranzsmol\/thumbs\/thumbs_Niessen-2-in-Smolensk.jpg\"\n               data-image-id=\"4073\"\n               data-title=\"Niessen, 2 in Smolensk\"\n               data-description=\"\"\n               data-image-slug=\"niessen-2-in-smolensk\"\n               class=\"ngg-fancybox\" rel=\"f09b0a2dadac37c82e1cf637f9f4328f\">\n                <img\n                    title=\"Niessen, 2 in Smolensk\"\n                    alt=\"Niessen, 2 in Smolensk\"\n                    src=\"https:\/\/www.freundeskreis-hagen-smolensk.de\/de\/wp-content\/gallery\/niessenfranzsmol\/thumbs\/thumbs_Niessen-2-in-Smolensk.jpg\"\n                    width=\"240\"\n                    height=\"160\"\n                    style=\"max-width:100%;\"\n                \/>\n            <\/a>\n        <\/div>\n\t\t\t\t\t\t\t<\/div> \n\t\t\t\n        \n\t\t\n\t\t<!-- Pagination -->\n\t<div class='ngg-clear'><\/div>\t<\/div>\n\n<p>Franz Nie\u00dfen war auch in Wjasma stationiert:<\/p>\n<!-- index.php -->\n<div\n\tclass=\"ngg-galleryoverview ngg-ajax-pagination-none\"\n\tid=\"ngg-gallery-591858a8a2a56e38e9ee1e8ea136a45c-1\">\n\n    \t<div class=\"slideshowlink\">\n        <a href='https:\/\/www.freundeskreis-hagen-smolensk.de\/de\/2012\/12\/29\/niessen-franz\/nggallery\/slideshow'>&#091;Zeige eine Slideshow&#093;<\/a>\n\t\t\n\t<\/div>\n\t\t\t<!-- Thumbnails -->\n\t\t\t\t<div id=\"ngg-image-0\" class=\"ngg-gallery-thumbnail-box\" >\n\t\t\t\t        <div class=\"ngg-gallery-thumbnail\">\n            <a href=\"https:\/\/www.freundeskreis-hagen-smolensk.de\/de\/wp-content\/gallery\/nissenfranzwjasma\/1942.Niessen.Wjasma.JPG\"\n               title=\"\"\n               data-src=\"https:\/\/www.freundeskreis-hagen-smolensk.de\/de\/wp-content\/gallery\/nissenfranzwjasma\/1942.Niessen.Wjasma.JPG\"\n               data-thumbnail=\"https:\/\/www.freundeskreis-hagen-smolensk.de\/de\/wp-content\/gallery\/nissenfranzwjasma\/thumbs\/thumbs_1942.Niessen.Wjasma.JPG\"\n               data-image-id=\"4077\"\n               data-title=\"1942.Niessen.Wjasma\"\n               data-description=\"\"\n               data-image-slug=\"1942-niessen-wjasma\"\n               class=\"ngg-fancybox\" rel=\"591858a8a2a56e38e9ee1e8ea136a45c\">\n                <img\n                    title=\"1942.Niessen.Wjasma\"\n                    alt=\"1942.Niessen.Wjasma\"\n                    src=\"https:\/\/www.freundeskreis-hagen-smolensk.de\/de\/wp-content\/gallery\/nissenfranzwjasma\/thumbs\/thumbs_1942.Niessen.Wjasma.JPG\"\n                    width=\"240\"\n                    height=\"160\"\n                    style=\"max-width:100%;\"\n                \/>\n            <\/a>\n        <\/div>\n\t\t\t\t\t\t\t<\/div> \n\t\t\t\n        \n\t\t\n\t\t<!-- Pagination -->\n\t<div class='ngg-clear'><\/div>\t<\/div>\n\n<p>Niessen hat in Smolensk Portraits von deutschen Soldaten gemacht. Drei davon zeigen wir nachfolgend. Eventuell kennt jemand einen dieser Personen und teilt uns mit, wie dieser Mensch hei\u00dft.<\/p>\n<!-- index.php -->\n<div\n\tclass=\"ngg-galleryoverview ngg-ajax-pagination-none\"\n\tid=\"ngg-gallery-2dab3ddd0f0dd7f46ecd32494e83aad6-1\">\n\n    \t<div class=\"slideshowlink\">\n        <a href='https:\/\/www.freundeskreis-hagen-smolensk.de\/de\/2012\/12\/29\/niessen-franz\/nggallery\/slideshow'>&#091;Zeige eine Slideshow&#093;<\/a>\n\t\t\n\t<\/div>\n\t\t\t<!-- Thumbnails -->\n\t\t\t\t<div id=\"ngg-image-0\" class=\"ngg-gallery-thumbnail-box\" >\n\t\t\t\t        <div class=\"ngg-gallery-thumbnail\">\n            <a href=\"https:\/\/www.freundeskreis-hagen-smolensk.de\/de\/wp-content\/gallery\/nissen-franzsoldaten\/1942.Niessen.Soldat.1.JPG\"\n               title=\"\"\n               data-src=\"https:\/\/www.freundeskreis-hagen-smolensk.de\/de\/wp-content\/gallery\/nissen-franzsoldaten\/1942.Niessen.Soldat.1.JPG\"\n               data-thumbnail=\"https:\/\/www.freundeskreis-hagen-smolensk.de\/de\/wp-content\/gallery\/nissen-franzsoldaten\/thumbs\/thumbs_1942.Niessen.Soldat.1.JPG\"\n               data-image-id=\"4074\"\n               data-title=\"1942.Niessen.Soldat.1\"\n               data-description=\"\"\n               data-image-slug=\"1942-niessen-soldat-1\"\n               class=\"ngg-fancybox\" rel=\"2dab3ddd0f0dd7f46ecd32494e83aad6\">\n                <img\n                    title=\"1942.Niessen.Soldat.1\"\n                    alt=\"1942.Niessen.Soldat.1\"\n                    src=\"https:\/\/www.freundeskreis-hagen-smolensk.de\/de\/wp-content\/gallery\/nissen-franzsoldaten\/thumbs\/thumbs_1942.Niessen.Soldat.1.JPG\"\n                    width=\"240\"\n                    height=\"160\"\n                    style=\"max-width:100%;\"\n                \/>\n            <\/a>\n        <\/div>\n\t\t\t\t\t\t\t<\/div> \n\t\t\t\n        \n\t\t\t\t<div id=\"ngg-image-1\" class=\"ngg-gallery-thumbnail-box\" >\n\t\t\t\t        <div class=\"ngg-gallery-thumbnail\">\n            <a href=\"https:\/\/www.freundeskreis-hagen-smolensk.de\/de\/wp-content\/gallery\/nissen-franzsoldaten\/1942.Niessen.Soldat.2..JPG\"\n               title=\"\"\n               data-src=\"https:\/\/www.freundeskreis-hagen-smolensk.de\/de\/wp-content\/gallery\/nissen-franzsoldaten\/1942.Niessen.Soldat.2..JPG\"\n               data-thumbnail=\"https:\/\/www.freundeskreis-hagen-smolensk.de\/de\/wp-content\/gallery\/nissen-franzsoldaten\/thumbs\/thumbs_1942.Niessen.Soldat.2..JPG\"\n               data-image-id=\"4075\"\n               data-title=\"1942.Niessen.Soldat.2.\"\n               data-description=\"\"\n               data-image-slug=\"1942-niessen-soldat-2\"\n               class=\"ngg-fancybox\" rel=\"2dab3ddd0f0dd7f46ecd32494e83aad6\">\n                <img\n                    title=\"1942.Niessen.Soldat.2.\"\n                    alt=\"1942.Niessen.Soldat.2.\"\n                    src=\"https:\/\/www.freundeskreis-hagen-smolensk.de\/de\/wp-content\/gallery\/nissen-franzsoldaten\/thumbs\/thumbs_1942.Niessen.Soldat.2..JPG\"\n                    width=\"240\"\n                    height=\"160\"\n                    style=\"max-width:100%;\"\n                \/>\n            <\/a>\n        <\/div>\n\t\t\t\t\t\t\t<\/div> \n\t\t\t\n        \n\t\t\t\t<div id=\"ngg-image-2\" class=\"ngg-gallery-thumbnail-box\" >\n\t\t\t\t        <div class=\"ngg-gallery-thumbnail\">\n            <a href=\"https:\/\/www.freundeskreis-hagen-smolensk.de\/de\/wp-content\/gallery\/nissen-franzsoldaten\/1942.Niessen.Soldat.3..JPG\"\n               title=\"\"\n               data-src=\"https:\/\/www.freundeskreis-hagen-smolensk.de\/de\/wp-content\/gallery\/nissen-franzsoldaten\/1942.Niessen.Soldat.3..JPG\"\n               data-thumbnail=\"https:\/\/www.freundeskreis-hagen-smolensk.de\/de\/wp-content\/gallery\/nissen-franzsoldaten\/thumbs\/thumbs_1942.Niessen.Soldat.3..JPG\"\n               data-image-id=\"4076\"\n               data-title=\"1942.Niessen.Soldat.3.\"\n               data-description=\"\"\n               data-image-slug=\"1942-niessen-soldat-3\"\n               class=\"ngg-fancybox\" rel=\"2dab3ddd0f0dd7f46ecd32494e83aad6\">\n                <img\n                    title=\"1942.Niessen.Soldat.3.\"\n                    alt=\"1942.Niessen.Soldat.3.\"\n                    src=\"https:\/\/www.freundeskreis-hagen-smolensk.de\/de\/wp-content\/gallery\/nissen-franzsoldaten\/thumbs\/thumbs_1942.Niessen.Soldat.3..JPG\"\n                    width=\"240\"\n                    height=\"160\"\n                    style=\"max-width:100%;\"\n                \/>\n            <\/a>\n        <\/div>\n\t\t\t\t\t\t\t<\/div> \n\t\t\t\n        \n\t\t\n\t\t<!-- Pagination -->\n\t<div class='ngg-clear'><\/div>\t<\/div>\n\n<p>Von weiteren Zeichnungen und Bildern, die Franz Nie\u00dfen in Smolensk gemalt hat, gibt es nur noch Fotos, die uns die Familie dankenswerter Weise zur Verf\u00fcgung gestellt hat.<\/p>\n<!-- index.php -->\n<div\n\tclass=\"ngg-galleryoverview ngg-ajax-pagination-none\"\n\tid=\"ngg-gallery-fcf3604fc305b8b9eb53e6ff05b000ce-1\">\n\n    \t<div class=\"slideshowlink\">\n        <a href='https:\/\/www.freundeskreis-hagen-smolensk.de\/de\/2012\/12\/29\/niessen-franz\/nggallery\/slideshow'>&#091;Zeige eine Slideshow&#093;<\/a>\n\t\t\n\t<\/div>\n\t\t\t<!-- Thumbnails -->\n\t\t\t\t<div id=\"ngg-image-0\" class=\"ngg-gallery-thumbnail-box\" >\n\t\t\t\t        <div class=\"ngg-gallery-thumbnail\">\n            <a href=\"https:\/\/www.freundeskreis-hagen-smolensk.de\/de\/wp-content\/gallery\/geistliche\/1943.Niessen.Ansicht-Usp.Kath_..jpg\"\n               title=\"\"\n               data-src=\"https:\/\/www.freundeskreis-hagen-smolensk.de\/de\/wp-content\/gallery\/geistliche\/1943.Niessen.Ansicht-Usp.Kath_..jpg\"\n               data-thumbnail=\"https:\/\/www.freundeskreis-hagen-smolensk.de\/de\/wp-content\/gallery\/geistliche\/thumbs\/thumbs_1943.Niessen.Ansicht-Usp.Kath_..jpg\"\n               data-image-id=\"3094\"\n               data-title=\"1943.Niessen.Ansicht Usp.Kath.\"\n               data-description=\"\"\n               data-image-slug=\"1943-niessen-ansicht-usp-kath\"\n               class=\"ngg-fancybox\" rel=\"fcf3604fc305b8b9eb53e6ff05b000ce\">\n                <img\n                    title=\"1943.Niessen.Ansicht Usp.Kath.\"\n                    alt=\"1943.Niessen.Ansicht Usp.Kath.\"\n                    src=\"https:\/\/www.freundeskreis-hagen-smolensk.de\/de\/wp-content\/gallery\/geistliche\/thumbs\/thumbs_1943.Niessen.Ansicht-Usp.Kath_..jpg\"\n                    width=\"240\"\n                    height=\"160\"\n                    style=\"max-width:100%;\"\n                \/>\n            <\/a>\n        <\/div>\n\t\t\t\t\t\t\t<\/div> \n\t\t\t\n        \n\t\t\t\t<div id=\"ngg-image-1\" class=\"ngg-gallery-thumbnail-box\" >\n\t\t\t\t        <div class=\"ngg-gallery-thumbnail\">\n            <a href=\"https:\/\/www.freundeskreis-hagen-smolensk.de\/de\/wp-content\/gallery\/geistliche\/1943.Niessen.Brokatdecke.Foto_.jpg\"\n               title=\"\"\n               data-src=\"https:\/\/www.freundeskreis-hagen-smolensk.de\/de\/wp-content\/gallery\/geistliche\/1943.Niessen.Brokatdecke.Foto_.jpg\"\n               data-thumbnail=\"https:\/\/www.freundeskreis-hagen-smolensk.de\/de\/wp-content\/gallery\/geistliche\/thumbs\/thumbs_1943.Niessen.Brokatdecke.Foto_.jpg\"\n               data-image-id=\"3095\"\n               data-title=\"1943.Niessen.Brokatdecke.Foto\"\n               data-description=\"\"\n               data-image-slug=\"1943-niessen-brokatdecke-foto\"\n               class=\"ngg-fancybox\" rel=\"fcf3604fc305b8b9eb53e6ff05b000ce\">\n                <img\n                    title=\"1943.Niessen.Brokatdecke.Foto\"\n                    alt=\"1943.Niessen.Brokatdecke.Foto\"\n                    src=\"https:\/\/www.freundeskreis-hagen-smolensk.de\/de\/wp-content\/gallery\/geistliche\/thumbs\/thumbs_1943.Niessen.Brokatdecke.Foto_.jpg\"\n                    width=\"240\"\n                    height=\"160\"\n                    style=\"max-width:100%;\"\n                \/>\n            <\/a>\n        <\/div>\n\t\t\t\t\t\t\t<\/div> \n\t\t\t\n        \n\t\t\t\t<div id=\"ngg-image-2\" class=\"ngg-gallery-thumbnail-box\" >\n\t\t\t\t        <div class=\"ngg-gallery-thumbnail\">\n            <a href=\"https:\/\/www.freundeskreis-hagen-smolensk.de\/de\/wp-content\/gallery\/geistliche\/1943.Niessen.Geistlicher.1.jpg\"\n               title=\"\"\n               data-src=\"https:\/\/www.freundeskreis-hagen-smolensk.de\/de\/wp-content\/gallery\/geistliche\/1943.Niessen.Geistlicher.1.jpg\"\n               data-thumbnail=\"https:\/\/www.freundeskreis-hagen-smolensk.de\/de\/wp-content\/gallery\/geistliche\/thumbs\/thumbs_1943.Niessen.Geistlicher.1.jpg\"\n               data-image-id=\"3096\"\n               data-title=\"1943.Niessen.Geistlicher.1\"\n               data-description=\"\"\n               data-image-slug=\"1943-niessen-geistlicher-1\"\n               class=\"ngg-fancybox\" rel=\"fcf3604fc305b8b9eb53e6ff05b000ce\">\n                <img\n                    title=\"1943.Niessen.Geistlicher.1\"\n                    alt=\"1943.Niessen.Geistlicher.1\"\n                    src=\"https:\/\/www.freundeskreis-hagen-smolensk.de\/de\/wp-content\/gallery\/geistliche\/thumbs\/thumbs_1943.Niessen.Geistlicher.1.jpg\"\n                    width=\"240\"\n                    height=\"160\"\n                    style=\"max-width:100%;\"\n                \/>\n            <\/a>\n        <\/div>\n\t\t\t\t\t\t\t<\/div> \n\t\t\t\n        \n\t\t\t\t<div id=\"ngg-image-3\" class=\"ngg-gallery-thumbnail-box\" >\n\t\t\t\t        <div class=\"ngg-gallery-thumbnail\">\n            <a href=\"https:\/\/www.freundeskreis-hagen-smolensk.de\/de\/wp-content\/gallery\/geistliche\/1943.Niessen.Geistlicher.2.jpg\"\n               title=\"\"\n               data-src=\"https:\/\/www.freundeskreis-hagen-smolensk.de\/de\/wp-content\/gallery\/geistliche\/1943.Niessen.Geistlicher.2.jpg\"\n               data-thumbnail=\"https:\/\/www.freundeskreis-hagen-smolensk.de\/de\/wp-content\/gallery\/geistliche\/thumbs\/thumbs_1943.Niessen.Geistlicher.2.jpg\"\n               data-image-id=\"3097\"\n               data-title=\"1943.Niessen.Geistlicher.2\"\n               data-description=\"\"\n               data-image-slug=\"1943-niessen-geistlicher-2\"\n               class=\"ngg-fancybox\" rel=\"fcf3604fc305b8b9eb53e6ff05b000ce\">\n                <img\n                    title=\"1943.Niessen.Geistlicher.2\"\n                    alt=\"1943.Niessen.Geistlicher.2\"\n                    src=\"https:\/\/www.freundeskreis-hagen-smolensk.de\/de\/wp-content\/gallery\/geistliche\/thumbs\/thumbs_1943.Niessen.Geistlicher.2.jpg\"\n                    width=\"240\"\n                    height=\"160\"\n                    style=\"max-width:100%;\"\n                \/>\n            <\/a>\n        <\/div>\n\t\t\t\t\t\t\t<\/div> \n\t\t\t\n        \n\t\t\t\t<div id=\"ngg-image-4\" class=\"ngg-gallery-thumbnail-box\" >\n\t\t\t\t        <div class=\"ngg-gallery-thumbnail\">\n            <a href=\"https:\/\/www.freundeskreis-hagen-smolensk.de\/de\/wp-content\/gallery\/geistliche\/1943.Niessen.Geistlicher.3.jpg\"\n               title=\"\"\n               data-src=\"https:\/\/www.freundeskreis-hagen-smolensk.de\/de\/wp-content\/gallery\/geistliche\/1943.Niessen.Geistlicher.3.jpg\"\n               data-thumbnail=\"https:\/\/www.freundeskreis-hagen-smolensk.de\/de\/wp-content\/gallery\/geistliche\/thumbs\/thumbs_1943.Niessen.Geistlicher.3.jpg\"\n               data-image-id=\"3098\"\n               data-title=\"1943.Niessen.Geistlicher.3\"\n               data-description=\"\"\n               data-image-slug=\"1943-niessen-geistlicher-3\"\n               class=\"ngg-fancybox\" rel=\"fcf3604fc305b8b9eb53e6ff05b000ce\">\n                <img\n                    title=\"1943.Niessen.Geistlicher.3\"\n                    alt=\"1943.Niessen.Geistlicher.3\"\n                    src=\"https:\/\/www.freundeskreis-hagen-smolensk.de\/de\/wp-content\/gallery\/geistliche\/thumbs\/thumbs_1943.Niessen.Geistlicher.3.jpg\"\n                    width=\"240\"\n                    height=\"160\"\n                    style=\"max-width:100%;\"\n                \/>\n            <\/a>\n        <\/div>\n\t\t\t\t\t\t\t<\/div> \n\t\t\t\n        \n\t\t\t\t<div id=\"ngg-image-5\" class=\"ngg-gallery-thumbnail-box\" >\n\t\t\t\t        <div class=\"ngg-gallery-thumbnail\">\n            <a href=\"https:\/\/www.freundeskreis-hagen-smolensk.de\/de\/wp-content\/gallery\/geistliche\/1943.Niessen.Geistlicher.4.jpg\"\n               title=\"\"\n               data-src=\"https:\/\/www.freundeskreis-hagen-smolensk.de\/de\/wp-content\/gallery\/geistliche\/1943.Niessen.Geistlicher.4.jpg\"\n               data-thumbnail=\"https:\/\/www.freundeskreis-hagen-smolensk.de\/de\/wp-content\/gallery\/geistliche\/thumbs\/thumbs_1943.Niessen.Geistlicher.4.jpg\"\n               data-image-id=\"3099\"\n               data-title=\"1943.Niessen.Geistlicher.4\"\n               data-description=\"\"\n               data-image-slug=\"1943-niessen-geistlicher-4\"\n               class=\"ngg-fancybox\" rel=\"fcf3604fc305b8b9eb53e6ff05b000ce\">\n                <img\n                    title=\"1943.Niessen.Geistlicher.4\"\n                    alt=\"1943.Niessen.Geistlicher.4\"\n                    src=\"https:\/\/www.freundeskreis-hagen-smolensk.de\/de\/wp-content\/gallery\/geistliche\/thumbs\/thumbs_1943.Niessen.Geistlicher.4.jpg\"\n                    width=\"240\"\n                    height=\"160\"\n                    style=\"max-width:100%;\"\n                \/>\n            <\/a>\n        <\/div>\n\t\t\t\t\t\t\t<\/div> \n\t\t\t\n        \n\t\t\t\t<div id=\"ngg-image-6\" class=\"ngg-gallery-thumbnail-box\" >\n\t\t\t\t        <div class=\"ngg-gallery-thumbnail\">\n            <a href=\"https:\/\/www.freundeskreis-hagen-smolensk.de\/de\/wp-content\/gallery\/geistliche\/1943.Niessen.Geistlicher.5.jpg\"\n               title=\"\"\n               data-src=\"https:\/\/www.freundeskreis-hagen-smolensk.de\/de\/wp-content\/gallery\/geistliche\/1943.Niessen.Geistlicher.5.jpg\"\n               data-thumbnail=\"https:\/\/www.freundeskreis-hagen-smolensk.de\/de\/wp-content\/gallery\/geistliche\/thumbs\/thumbs_1943.Niessen.Geistlicher.5.jpg\"\n               data-image-id=\"3100\"\n               data-title=\"1943.Niessen.Geistlicher.5\"\n               data-description=\"\"\n               data-image-slug=\"1943-niessen-geistlicher-5\"\n               class=\"ngg-fancybox\" rel=\"fcf3604fc305b8b9eb53e6ff05b000ce\">\n                <img\n                    title=\"1943.Niessen.Geistlicher.5\"\n                    alt=\"1943.Niessen.Geistlicher.5\"\n                    src=\"https:\/\/www.freundeskreis-hagen-smolensk.de\/de\/wp-content\/gallery\/geistliche\/thumbs\/thumbs_1943.Niessen.Geistlicher.5.jpg\"\n                    width=\"240\"\n                    height=\"160\"\n                    style=\"max-width:100%;\"\n                \/>\n            <\/a>\n        <\/div>\n\t\t\t\t\t\t\t<\/div> \n\t\t\t\n        \n\t\t\t\t<div id=\"ngg-image-7\" class=\"ngg-gallery-thumbnail-box\" >\n\t\t\t\t        <div class=\"ngg-gallery-thumbnail\">\n            <a href=\"https:\/\/www.freundeskreis-hagen-smolensk.de\/de\/wp-content\/gallery\/geistliche\/1943.Niessen.Geistlicher.6.jpg\"\n               title=\"\"\n               data-src=\"https:\/\/www.freundeskreis-hagen-smolensk.de\/de\/wp-content\/gallery\/geistliche\/1943.Niessen.Geistlicher.6.jpg\"\n               data-thumbnail=\"https:\/\/www.freundeskreis-hagen-smolensk.de\/de\/wp-content\/gallery\/geistliche\/thumbs\/thumbs_1943.Niessen.Geistlicher.6.jpg\"\n               data-image-id=\"3101\"\n               data-title=\"1943.Niessen.Geistlicher.6\"\n               data-description=\"\"\n               data-image-slug=\"1943-niessen-geistlicher-6\"\n               class=\"ngg-fancybox\" rel=\"fcf3604fc305b8b9eb53e6ff05b000ce\">\n                <img\n                    title=\"1943.Niessen.Geistlicher.6\"\n                    alt=\"1943.Niessen.Geistlicher.6\"\n                    src=\"https:\/\/www.freundeskreis-hagen-smolensk.de\/de\/wp-content\/gallery\/geistliche\/thumbs\/thumbs_1943.Niessen.Geistlicher.6.jpg\"\n                    width=\"240\"\n                    height=\"160\"\n                    style=\"max-width:100%;\"\n                \/>\n            <\/a>\n        <\/div>\n\t\t\t\t\t\t\t<\/div> \n\t\t\t\n        \n\t\t\t\t<div id=\"ngg-image-8\" class=\"ngg-gallery-thumbnail-box\" >\n\t\t\t\t        <div class=\"ngg-gallery-thumbnail\">\n            <a href=\"https:\/\/www.freundeskreis-hagen-smolensk.de\/de\/wp-content\/gallery\/geistliche\/1943.Nissen.Ikonenwand.Usp_.K.jpg\"\n               title=\"\"\n               data-src=\"https:\/\/www.freundeskreis-hagen-smolensk.de\/de\/wp-content\/gallery\/geistliche\/1943.Nissen.Ikonenwand.Usp_.K.jpg\"\n               data-thumbnail=\"https:\/\/www.freundeskreis-hagen-smolensk.de\/de\/wp-content\/gallery\/geistliche\/thumbs\/thumbs_1943.Nissen.Ikonenwand.Usp_.K.jpg\"\n               data-image-id=\"3102\"\n               data-title=\"1943.Nissen.Ikonenwand.Usp.K\"\n               data-description=\"\"\n               data-image-slug=\"1943-nissen-ikonenwand-usp-k\"\n               class=\"ngg-fancybox\" rel=\"fcf3604fc305b8b9eb53e6ff05b000ce\">\n                <img\n                    title=\"1943.Nissen.Ikonenwand.Usp.K\"\n                    alt=\"1943.Nissen.Ikonenwand.Usp.K\"\n                    src=\"https:\/\/www.freundeskreis-hagen-smolensk.de\/de\/wp-content\/gallery\/geistliche\/thumbs\/thumbs_1943.Nissen.Ikonenwand.Usp_.K.jpg\"\n                    width=\"240\"\n                    height=\"160\"\n                    style=\"max-width:100%;\"\n                \/>\n            <\/a>\n        <\/div>\n\t\t\t\t\t\t\t<\/div> \n\t\t\t\n        \n\t\t\t\t<div id=\"ngg-image-9\" class=\"ngg-gallery-thumbnail-box\" >\n\t\t\t\t        <div class=\"ngg-gallery-thumbnail\">\n            <a href=\"https:\/\/www.freundeskreis-hagen-smolensk.de\/de\/wp-content\/gallery\/geistliche\/1943.Nissen.Uspenski.K-Winter.jpg\"\n               title=\"\"\n               data-src=\"https:\/\/www.freundeskreis-hagen-smolensk.de\/de\/wp-content\/gallery\/geistliche\/1943.Nissen.Uspenski.K-Winter.jpg\"\n               data-thumbnail=\"https:\/\/www.freundeskreis-hagen-smolensk.de\/de\/wp-content\/gallery\/geistliche\/thumbs\/thumbs_1943.Nissen.Uspenski.K-Winter.jpg\"\n               data-image-id=\"3103\"\n               data-title=\"1943.Nissen.Uspenski.K Winter\"\n               data-description=\"\"\n               data-image-slug=\"1943-nissen-uspenski-k-winter\"\n               class=\"ngg-fancybox\" rel=\"fcf3604fc305b8b9eb53e6ff05b000ce\">\n                <img\n                    title=\"1943.Nissen.Uspenski.K Winter\"\n                    alt=\"1943.Nissen.Uspenski.K Winter\"\n                    src=\"https:\/\/www.freundeskreis-hagen-smolensk.de\/de\/wp-content\/gallery\/geistliche\/thumbs\/thumbs_1943.Nissen.Uspenski.K-Winter.jpg\"\n                    width=\"240\"\n                    height=\"160\"\n                    style=\"max-width:100%;\"\n                \/>\n            <\/a>\n        <\/div>\n\t\t\t\t\t\t\t<\/div> \n\t\t\t\n        \n\t\t\n\t\t<!-- Pagination -->\n\t<div class='ngg-clear'><\/div>\t<\/div>\n\n<p>&nbsp;<\/p>\n<p>Nach dem Krieg trafen sich bei Franz Nie\u00dfen in K\u00f6ln f\u00fcnf Kameraden, die den Krieg \u00fcberlebt hatten:<\/p>\n<p><a href=\"https:\/\/www.freundeskreis-hagen-smolensk.de\/de\/wp-content\/uploads\/Franz-Niessen.Teffen-alter-Kameraden-Kopie-scaled.jpeg\" data-rel=\"lightbox-image-0\" data-magnific_type=\"image\" data-rl_title=\"\" data-rl_caption=\"\" title=\"\"><img loading=\"lazy\" class=\"aligncenter size-medium wp-image-24647\" src=\"https:\/\/www.freundeskreis-hagen-smolensk.de\/de\/wp-content\/uploads\/Franz-Niessen.Teffen-alter-Kameraden-Kopie-700x503.jpeg\" alt=\"\" width=\"700\" height=\"503\" srcset=\"https:\/\/www.freundeskreis-hagen-smolensk.de\/de\/wp-content\/uploads\/Franz-Niessen.Teffen-alter-Kameraden-Kopie-700x503.jpeg 700w, https:\/\/www.freundeskreis-hagen-smolensk.de\/de\/wp-content\/uploads\/Franz-Niessen.Teffen-alter-Kameraden-Kopie-1024x735.jpeg 1024w, https:\/\/www.freundeskreis-hagen-smolensk.de\/de\/wp-content\/uploads\/Franz-Niessen.Teffen-alter-Kameraden-Kopie-768x552.jpeg 768w, https:\/\/www.freundeskreis-hagen-smolensk.de\/de\/wp-content\/uploads\/Franz-Niessen.Teffen-alter-Kameraden-Kopie-1536x1103.jpeg 1536w, https:\/\/www.freundeskreis-hagen-smolensk.de\/de\/wp-content\/uploads\/Franz-Niessen.Teffen-alter-Kameraden-Kopie-2048x1471.jpeg 2048w\" sizes=\"(max-width: 700px) 100vw, 700px\" \/><\/a><\/p>\n<p>von links: \u00a015 30. dritter +.Erich Schmitz, ??,Graf, \u00a0 Franz Nie\u00dfen, Fritz Heinz, R\u00fcdiger Schmidt<\/p>\n<p>Fritz Heinz ist auf eine Bild oben in seiner Schreibstube in Smolensk zu sehen.<\/p>\n<p><a href=\"http:\/\/smol.kp.ru\/daily\/26139.5\/3029758\/\" target=\"_blank\" rel=\"noopener\">Presse in Smolensk<\/a><\/p>\n","protected":false},"excerpt":{"rendered":"<p>K\u00f6ln (Glasmalerei)<\/p>\n","protected":false},"author":2,"featured_media":0,"comment_status":"open","ping_status":"open","sticky":false,"template":"","format":"standard","meta":{"ngg_post_thumbnail":0},"categories":[17],"tags":[],"_links":{"self":[{"href":"https:\/\/www.freundeskreis-hagen-smolensk.de\/de\/wp-json\/wp\/v2\/posts\/5005"}],"collection":[{"href":"https:\/\/www.freundeskreis-hagen-smolensk.de\/de\/wp-json\/wp\/v2\/posts"}],"about":[{"href":"https:\/\/www.freundeskreis-hagen-smolensk.de\/de\/wp-json\/wp\/v2\/types\/post"}],"author":[{"embeddable":true,"href":"https:\/\/www.freundeskreis-hagen-smolensk.de\/de\/wp-json\/wp\/v2\/users\/2"}],"replies":[{"embeddable":true,"href":"https:\/\/www.freundeskreis-hagen-smolensk.de\/de\/wp-json\/wp\/v2\/comments?post=5005"}],"version-history":[{"count":26,"href":"https:\/\/www.freundeskreis-hagen-smolensk.de\/de\/wp-json\/wp\/v2\/posts\/5005\/revisions"}],"predecessor-version":[{"id":24648,"href":"https:\/\/www.freundeskreis-hagen-smolensk.de\/de\/wp-json\/wp\/v2\/posts\/5005\/revisions\/24648"}],"wp:attachment":[{"href":"https:\/\/www.freundeskreis-hagen-smolensk.de\/de\/wp-json\/wp\/v2\/media?parent=5005"}],"wp:term":[{"taxonomy":"category","embeddable":true,"href":"https:\/\/www.freundeskreis-hagen-smolensk.de\/de\/wp-json\/wp\/v2\/categories?post=5005"},{"taxonomy":"post_tag","embeddable":true,"href":"https:\/\/www.freundeskreis-hagen-smolensk.de\/de\/wp-json\/wp\/v2\/tags?post=5005"}],"curies":[{"name":"wp","href":"https:\/\/api.w.org\/{rel}","templated":true}]}}