{"id":24114,"date":"2019-11-11T14:42:39","date_gmt":"2019-11-11T12:42:39","guid":{"rendered":"http:\/\/www.freundeskreis-hagen-smolensk.de\/de\/?p=24114"},"modified":"2020-02-01T23:39:04","modified_gmt":"2020-02-01T21:39:04","slug":"2019-verena-und-bernd-mueller","status":"publish","type":"post","link":"https:\/\/www.freundeskreis-hagen-smolensk.de\/de\/2019\/11\/11\/2019-verena-und-bernd-mueller\/","title":{"rendered":"2019 VERENA und BERND M\u00dcLLER"},"content":{"rendered":"<p>Diese beiden wunderbaren Menschen engagieren sich seit \u00fcber zehn Jahren &#8211; ohne sich selbst in den Vordergrund zu stellen &#8211; f\u00fcr den st\u00e4dtepartnerschaftlichen Austausch zwischen Hagen und Smolensk. Sie sind liebevolle Gastgeber, arbeiten in zahlreichen Projektbereichen mit, Bernd gestaltet und wartet die Internetseite, entwirft Programme, Flyer und &nbsp;Plakate und h\u00e4lt als Fotograf mit phantastischem Blick f\u00fcr Details fest, was unserer Projekte so sehr ausmacht und tr\u00e4gt damit zu der positiven Au\u00dfendarstellung des Vereins bei. Verena ist stets gut, kreative Anregungen zu unterbreiten. Kurzum: Beide sind ein wesentlicher Teil der erfolgreichen Arbeit des Freundeskreises Hagen-Smolensk.<\/p>\n<p>Und insofern w\u00fcrdigen wir ihren Einsatz f\u00fcr diese Aufgaben mit der symbolischen \u00dcberreichung des UWE-WILL-RINGES.<\/p>\n<div class=\"foogallery foogallery-container foogallery-default foogallery-lightbox-foobox fg-gutter-10 fg-center fg-default fg-light fg-border-thin fg-shadow-outline fg-loading-default fg-loaded-fade-in fg-caption-hover fg-hover-fade fg-hover-zoom fg-ready\" id=\"foogallery-gallery-24120\" data-foogallery=\"{&quot;item&quot;:{&quot;showCaptionTitle&quot;:true,&quot;showCaptionDescription&quot;:true},&quot;lazy&quot;:true,&quot;src&quot;:&quot;data-src-fg&quot;,&quot;srcset&quot;:&quot;data-srcset-fg&quot;}\" data-fg-common-fields=\"1\" >\r\n\t<div class=\"fg-item\"><figure class=\"fg-item-inner\"><a href=\"https:\/\/www.freundeskreis-hagen-smolensk.de\/de\/wp-content\/uploads\/P1090905-1.jpg\" data-attachment-id=\"24117\" class=\"fg-thumb\"><span class=\"fg-image-wrap\"><img width=\"150\" height=\"150\" data-src-fg=\"https:\/\/www.freundeskreis-hagen-smolensk.de\/de\/wp-content\/uploads\/cache\/P1090905-1\/3311379921.jpg\" class=\"fg-image\" \/><\/span><\/a><figcaption class=\"fg-caption\"><div class=\"fg-caption-inner\"><\/div><\/figcaption><\/figure><div class=\"fg-loader\"><\/div><\/div><div class=\"fg-item\"><figure class=\"fg-item-inner\"><a href=\"https:\/\/www.freundeskreis-hagen-smolensk.de\/de\/wp-content\/uploads\/IMG_2792.jpg\" data-attachment-id=\"24118\" class=\"fg-thumb\"><span class=\"fg-image-wrap\"><img width=\"150\" height=\"150\" data-src-fg=\"https:\/\/www.freundeskreis-hagen-smolensk.de\/de\/wp-content\/uploads\/cache\/IMG_2792\/3254028601.jpg\" class=\"fg-image\" \/><\/span><\/a><figcaption class=\"fg-caption\"><div class=\"fg-caption-inner\"><\/div><\/figcaption><\/figure><div class=\"fg-loader\"><\/div><\/div><div class=\"fg-item\"><figure class=\"fg-item-inner\"><a href=\"https:\/\/www.freundeskreis-hagen-smolensk.de\/de\/wp-content\/uploads\/IMG_2848.jpg\" data-attachment-id=\"24119\" class=\"fg-thumb\"><span class=\"fg-image-wrap\"><img width=\"150\" height=\"150\" data-src-fg=\"https:\/\/www.freundeskreis-hagen-smolensk.de\/de\/wp-content\/uploads\/cache\/IMG_2848\/2279539091.jpg\" class=\"fg-image\" \/><\/span><\/a><figcaption class=\"fg-caption\"><div class=\"fg-caption-inner\"><\/div><\/figcaption><\/figure><div class=\"fg-loader\"><\/div><\/div><\/div>\r\n\n","protected":false},"excerpt":{"rendered":"<p>Diese beiden wunderbaren Menschen engagieren sich seit \u00fcber zehn Jahren &#8211; ohne sich selbst in den Vordergrund zu stellen &#8211; f\u00fcr den st\u00e4dtepartnerschaftlichen Austausch zwischen Hagen und Smolensk. Sie sind liebevolle Gastgeber, arbeiten in zahlreichen Projektbereichen mit, Bernd gestaltet und wartet die Internetseite, entwirft Programme, Flyer und &nbsp;Plakate und h\u00e4lt als Fotograf mit phantastischem Blick&hellip; <span class=\"kuorinka-read-more\"><a href=\"https:\/\/www.freundeskreis-hagen-smolensk.de\/de\/2019\/11\/11\/2019-verena-und-bernd-mueller\/\" class=\"more-link\">Weiterlesen <span class=\"screen-reader-text\">2019 VERENA und BERND M\u00dcLLER<\/span><\/a><\/span><\/p>\n","protected":false},"author":2,"featured_media":0,"comment_status":"closed","ping_status":"closed","sticky":false,"template":"","format":"standard","meta":{"ngg_post_thumbnail":0},"categories":[39,41],"tags":[],"_links":{"self":[{"href":"https:\/\/www.freundeskreis-hagen-smolensk.de\/de\/wp-json\/wp\/v2\/posts\/24114"}],"collection":[{"href":"https:\/\/www.freundeskreis-hagen-smolensk.de\/de\/wp-json\/wp\/v2\/posts"}],"about":[{"href":"https:\/\/www.freundeskreis-hagen-smolensk.de\/de\/wp-json\/wp\/v2\/types\/post"}],"author":[{"embeddable":true,"href":"https:\/\/www.freundeskreis-hagen-smolensk.de\/de\/wp-json\/wp\/v2\/users\/2"}],"replies":[{"embeddable":true,"href":"https:\/\/www.freundeskreis-hagen-smolensk.de\/de\/wp-json\/wp\/v2\/comments?post=24114"}],"version-history":[{"count":5,"href":"https:\/\/www.freundeskreis-hagen-smolensk.de\/de\/wp-json\/wp\/v2\/posts\/24114\/revisions"}],"predecessor-version":[{"id":24185,"href":"https:\/\/www.freundeskreis-hagen-smolensk.de\/de\/wp-json\/wp\/v2\/posts\/24114\/revisions\/24185"}],"wp:attachment":[{"href":"https:\/\/www.freundeskreis-hagen-smolensk.de\/de\/wp-json\/wp\/v2\/media?parent=24114"}],"wp:term":[{"taxonomy":"category","embeddable":true,"href":"https:\/\/www.freundeskreis-hagen-smolensk.de\/de\/wp-json\/wp\/v2\/categories?post=24114"},{"taxonomy":"post_tag","embeddable":true,"href":"https:\/\/www.freundeskreis-hagen-smolensk.de\/de\/wp-json\/wp\/v2\/tags?post=24114"}],"curies":[{"name":"wp","href":"https:\/\/api.w.org\/{rel}","templated":true}]}}