{"id":24108,"date":"2019-11-10T18:35:36","date_gmt":"2019-11-10T16:35:36","guid":{"rendered":"http:\/\/www.freundeskreis-hagen-smolensk.de\/de\/?p=24108"},"modified":"2019-11-10T18:37:01","modified_gmt":"2019-11-10T16:37:01","slug":"2019-guenther-grundmann","status":"publish","type":"post","link":"https:\/\/www.freundeskreis-hagen-smolensk.de\/de\/2019\/11\/10\/2019-guenther-grundmann\/","title":{"rendered":"2019 G\u00dcNTHER GRUNDMANN"},"content":{"rendered":"<p>G\u00fcnther Grundmann engagiert sich seit 2002 f\u00fcr den akademischen Austausch zwischen Hagen und Smolensk. Mit weiteren Personen aus Hagen (ZfsL-Hagen) -Georg Peters, Wolfgang Luck, Delia Ahland, Rosemarie M\u00f6hle-Buschmeier und aus Smolensk, Natalia Rom,anova, Dr. Olga Engel, Dr. Larissa Borissenkova &#8211; hat er die Grundlagen f\u00fcr den bis heute andauernden Austausch von Referendaren\/innen des ZfsL-Hagen mit jungen Lehrkr\u00e4ften und P\u00e4dagogik-Studenten\/innen aus Smolensk gelegt. Er begleitet diese Projekt immer noch aktiv. Er war mehrer Jahre stellvertretender Vorsitzender im Freundeskreis Hagen Smolensk und hat sich kreativ beratend in alle Aufgaben des Vereins eingebracht.<\/p>\n<p>F\u00fcr dieses wunderbare Engagement und in der Bundesrepublik Deutschland einmalige Projekt \u00fcbereichen wir ihm anerkennend und stellvertretend auch f\u00fcr die anderen aufgef\u00fchrten Menschen den UWE-WILL-Ring.<\/p>\n","protected":false},"excerpt":{"rendered":"<p>G\u00fcnther Grundmann engagiert sich seit 2002 f\u00fcr den akademischen Austausch zwischen Hagen und Smolensk. Mit weiteren Personen aus Hagen (ZfsL-Hagen) -Georg Peters, Wolfgang Luck, Delia Ahland, Rosemarie M\u00f6hle-Buschmeier und aus Smolensk, Natalia Rom,anova, Dr. Olga Engel, Dr. Larissa Borissenkova &#8211; hat er die Grundlagen f\u00fcr den bis heute andauernden Austausch von Referendaren\/innen des ZfsL-Hagen mit&hellip; <span class=\"kuorinka-read-more\"><a href=\"https:\/\/www.freundeskreis-hagen-smolensk.de\/de\/2019\/11\/10\/2019-guenther-grundmann\/\" class=\"more-link\">Weiterlesen <span class=\"screen-reader-text\">2019 G\u00dcNTHER GRUNDMANN<\/span><\/a><\/span><\/p>\n","protected":false},"author":2,"featured_media":0,"comment_status":"closed","ping_status":"closed","sticky":false,"template":"","format":"standard","meta":{"ngg_post_thumbnail":0},"categories":[39,41],"tags":[],"_links":{"self":[{"href":"https:\/\/www.freundeskreis-hagen-smolensk.de\/de\/wp-json\/wp\/v2\/posts\/24108"}],"collection":[{"href":"https:\/\/www.freundeskreis-hagen-smolensk.de\/de\/wp-json\/wp\/v2\/posts"}],"about":[{"href":"https:\/\/www.freundeskreis-hagen-smolensk.de\/de\/wp-json\/wp\/v2\/types\/post"}],"author":[{"embeddable":true,"href":"https:\/\/www.freundeskreis-hagen-smolensk.de\/de\/wp-json\/wp\/v2\/users\/2"}],"replies":[{"embeddable":true,"href":"https:\/\/www.freundeskreis-hagen-smolensk.de\/de\/wp-json\/wp\/v2\/comments?post=24108"}],"version-history":[{"count":2,"href":"https:\/\/www.freundeskreis-hagen-smolensk.de\/de\/wp-json\/wp\/v2\/posts\/24108\/revisions"}],"predecessor-version":[{"id":24110,"href":"https:\/\/www.freundeskreis-hagen-smolensk.de\/de\/wp-json\/wp\/v2\/posts\/24108\/revisions\/24110"}],"wp:attachment":[{"href":"https:\/\/www.freundeskreis-hagen-smolensk.de\/de\/wp-json\/wp\/v2\/media?parent=24108"}],"wp:term":[{"taxonomy":"category","embeddable":true,"href":"https:\/\/www.freundeskreis-hagen-smolensk.de\/de\/wp-json\/wp\/v2\/categories?post=24108"},{"taxonomy":"post_tag","embeddable":true,"href":"https:\/\/www.freundeskreis-hagen-smolensk.de\/de\/wp-json\/wp\/v2\/tags?post=24108"}],"curies":[{"name":"wp","href":"https:\/\/api.w.org\/{rel}","templated":true}]}}